{"id":871,"date":"2022-08-14T16:11:10","date_gmt":"2022-08-14T19:11:10","guid":{"rendered":"https:\/\/iadesl.org\/?p=871"},"modified":"2022-08-24T16:11:34","modified_gmt":"2022-08-24T19:11:34","slug":"dia-do-jovem-assembleiano-e-marcado-por-grande-mobilizacao-em-sao-luis","status":"publish","type":"post","link":"https:\/\/iadesl.org\/index.php\/2022\/08\/14\/dia-do-jovem-assembleiano-e-marcado-por-grande-mobilizacao-em-sao-luis\/","title":{"rendered":"Dia do Jovem Assembleiano \u00e9 marcado por grande mobiliza\u00e7\u00e3o em S\u00e3o Lu\u00eds"},"content":{"rendered":"\n<p>Jovens e adolescentes da Assembleia de Deus em S\u00e3o Lu\u00eds participaram no s\u00e1bado, 13 de agosto, de uma grande programa\u00e7\u00e3o para celebrar ao Senhor o Dia Estadual do Jovem Assembleiano. A data \u00e9 comemorada no segundo s\u00e1bado de agosto e re\u00fane jovens e adolescentes de todas congrega\u00e7\u00f5es da Assembleia de Deus em S\u00e3o Lu\u00eds (IADESL).<\/p>\n\n\n\n<p>A mobiliza\u00e7\u00e3o \u00e9 uma realiza\u00e7\u00e3o da Uni\u00e3o de Mocidade da Assembleia de Deus em S\u00e3o Lu\u00eds (UMADESL) organizada para celebrar a data que \u00e9 comemorada em todo o Brasil. A programa\u00e7\u00e3o iniciou pela manh\u00e3, \u00e0s 8 horas, com evangelismo em todas as \u00e1reas de trabalhos pastorais da igreja que no dia 15 de janeiro deste ano completou cem anos de funda\u00e7\u00e3o.<\/p>\n\n\n\n<p>\u00c0 tarde, a partir das 15 horas, a mocidade participou da Marcha do Dia do Jovem Assembleiano, com sa\u00edda da pra\u00e7a da B\u00edblia, no parque do Bom Menino, com destino a pra\u00e7a Deodoro no Centro de S\u00e3o Lu\u00eds.<\/p>\n\n\n\n<p>A concentra\u00e7\u00e3o final aconteceu na Pra\u00e7a Deodoro, onde foi realizado um grande culto ao Senhor com louvores e adora\u00e7\u00e3o ao som do pastor e cantor Amaury Bertoqui que, al\u00e9m de louvar com gra\u00e7a e un\u00e7\u00e3o, pregou tamb\u00e9m a palavra de Deus.<\/p>\n\n\n\n<p>A IADESL chega ao seu centen\u00e1rio marcando presen\u00e7a em toda a ilha por meio de suas 130 \u00e1reas de trabalhos pastorais, distribu\u00eddas em aproximadamente 420 congrega\u00e7\u00f5es. De acordo com dados da secretaria da pr\u00f3pria igreja, o registro de membros j\u00e1 soma 86 mil, sendo grande parte de adolescentes e jovens.<\/p>\n\n\n\n<p><strong>PREMIA\u00c7\u00c3O<\/strong><\/p>\n\n\n\n<p>A grande expectativa era sobre qual dos sete polos iria ganhar a premia\u00e7\u00e3o no valor de 600 reais. Depois da disputa acirrad\u00edssima, chegou a hora dos jurados declararem a vit\u00f3ria do polo vencedor. A sorte caiu sobre dois polos, um da regi\u00e3o norte e outro da regi\u00e3o sul da capital, polo Maiob\u00e3o e polo Embratel.<\/p>\n\n\n\n<p>Como diz a B\u00edblia em Lev\u00edtico 6.13, que o fogo arda continuamente sobre o altar e n\u00e3o pode apagar, pensando na manuten\u00e7\u00e3o do fogo pentecostal, os jovens assembleianos, pentecostais e centen\u00e1rios deixaram a pra\u00e7a Deodoro j\u00e1 pensando no pr\u00f3ximo encontro: a Vig\u00edlia Unificada da UMADESL, que vai acontecer no dia 11 de outubro.<\/p>\n\n\n\n<p>Edi\u00e7\u00e3o: Jess\u00e9 Guilherme \/ Lideney Ferreira<br>Fotos: MIDIADESL<\/p>\n","protected":false},"excerpt":{"rendered":"<p>Jovens e adolescentes da Assembleia de Deus em S\u00e3o Lu\u00eds participaram no s\u00e1bado, 13 de agosto, de uma grande programa\u00e7\u00e3o para celebrar ao Senhor o Dia Estadual do Jovem Assembleiano. A data \u00e9 comemorada no segundo s\u00e1bado de agosto e re\u00fane jovens e adolescentes de todas congrega\u00e7\u00f5es da Assembleia de Deus em S\u00e3o Lu\u00eds (IADESL). [&hellip;]<\/p>\n","protected":false},"author":4,"featured_media":879,"comment_status":"open","ping_status":"open","sticky":false,"template":"","format":"standard","meta":{"footnotes":""},"categories":[23,25],"tags":[],"class_list":{"0":"post-871","1":"post","2":"type-post","3":"status-publish","4":"format-standard","5":"has-post-thumbnail","7":"category-noticias","8":"category-umadesl"},"_links":{"self":[{"href":"https:\/\/iadesl.org\/index.php\/wp-json\/wp\/v2\/posts\/871","targetHints":{"allow":["GET"]}}],"collection":[{"href":"https:\/\/iadesl.org\/index.php\/wp-json\/wp\/v2\/posts"}],"about":[{"href":"https:\/\/iadesl.org\/index.php\/wp-json\/wp\/v2\/types\/post"}],"author":[{"embeddable":true,"href":"https:\/\/iadesl.org\/index.php\/wp-json\/wp\/v2\/users\/4"}],"replies":[{"embeddable":true,"href":"https:\/\/iadesl.org\/index.php\/wp-json\/wp\/v2\/comments?post=871"}],"version-history":[{"count":1,"href":"https:\/\/iadesl.org\/index.php\/wp-json\/wp\/v2\/posts\/871\/revisions"}],"predecessor-version":[{"id":882,"href":"https:\/\/iadesl.org\/index.php\/wp-json\/wp\/v2\/posts\/871\/revisions\/882"}],"wp:featuredmedia":[{"embeddable":true,"href":"https:\/\/iadesl.org\/index.php\/wp-json\/wp\/v2\/media\/879"}],"wp:attachment":[{"href":"https:\/\/iadesl.org\/index.php\/wp-json\/wp\/v2\/media?parent=871"}],"wp:term":[{"taxonomy":"category","embeddable":true,"href":"https:\/\/iadesl.org\/index.php\/wp-json\/wp\/v2\/categories?post=871"},{"taxonomy":"post_tag","embeddable":true,"href":"https:\/\/iadesl.org\/index.php\/wp-json\/wp\/v2\/tags?post=871"}],"curies":[{"name":"wp","href":"https:\/\/api.w.org\/{rel}","templated":true}]}}