{"id":4479,"date":"2024-08-08T16:14:45","date_gmt":"2024-08-08T19:14:45","guid":{"rendered":"https:\/\/iadesl.org\/?p=4479"},"modified":"2024-08-08T16:18:45","modified_gmt":"2024-08-08T19:18:45","slug":"eleicao-e-posse-da-nova-diretoria-da-fundacao-cultural-pastor-jose-romao-de-souza","status":"publish","type":"post","link":"https:\/\/iadesl.org\/index.php\/2024\/08\/08\/eleicao-e-posse-da-nova-diretoria-da-fundacao-cultural-pastor-jose-romao-de-souza\/","title":{"rendered":"Elei\u00e7\u00e3o e Posse da Nova Diretoria da Funda\u00e7\u00e3o Cultural Pastor Jos\u00e9 Rom\u00e3o de Souza"},"content":{"rendered":"\n<figure class=\"wp-block-gallery has-nested-images columns-default is-cropped wp-block-gallery-1 is-layout-flex wp-block-gallery-is-layout-flex\">\n<figure class=\"wp-block-image size-large\"><img fetchpriority=\"high\" decoding=\"async\" width=\"1024\" height=\"576\" data-id=\"4484\" src=\"https:\/\/iadesl.org\/wp-content\/uploads\/2024\/08\/WhatsApp-Image-2024-08-05-at-11.36.40-1024x576.jpeg\" alt=\"\" class=\"wp-image-4484\" srcset=\"https:\/\/iadesl.org\/wp-content\/uploads\/2024\/08\/WhatsApp-Image-2024-08-05-at-11.36.40-1024x576.jpeg 1024w, https:\/\/iadesl.org\/wp-content\/uploads\/2024\/08\/WhatsApp-Image-2024-08-05-at-11.36.40-300x169.jpeg 300w, https:\/\/iadesl.org\/wp-content\/uploads\/2024\/08\/WhatsApp-Image-2024-08-05-at-11.36.40-768x432.jpeg 768w, https:\/\/iadesl.org\/wp-content\/uploads\/2024\/08\/WhatsApp-Image-2024-08-05-at-11.36.40-1536x864.jpeg 1536w, https:\/\/iadesl.org\/wp-content\/uploads\/2024\/08\/WhatsApp-Image-2024-08-05-at-11.36.40-2048x1153.jpeg 2048w, https:\/\/iadesl.org\/wp-content\/uploads\/2024\/08\/WhatsApp-Image-2024-08-05-at-11.36.40-746x420.jpeg 746w, https:\/\/iadesl.org\/wp-content\/uploads\/2024\/08\/WhatsApp-Image-2024-08-05-at-11.36.40-696x392.jpeg 696w, https:\/\/iadesl.org\/wp-content\/uploads\/2024\/08\/WhatsApp-Image-2024-08-05-at-11.36.40-1068x601.jpeg 1068w, https:\/\/iadesl.org\/wp-content\/uploads\/2024\/08\/WhatsApp-Image-2024-08-05-at-11.36.40-1920x1080.jpeg 1920w, https:\/\/iadesl.org\/wp-content\/uploads\/2024\/08\/WhatsApp-Image-2024-08-05-at-11.36.40-600x338.jpeg 600w\" sizes=\"(max-width: 1024px) 100vw, 1024px\" \/><\/figure>\n<\/figure>\n\n\n\n<p><\/p>\n\n\n\n<p>Na segunda-feira, 5 de agosto, a Funda\u00e7\u00e3o Cultural Pastor Jos\u00e9 Rom\u00e3o de Souza, mantenedora da R\u00e1dio Esperan\u00e7a FM, elegeu e empossou sua nova diretoria para o quadri\u00eanio 2024\/2028. A reuni\u00e3o ocorreu na sede da funda\u00e7\u00e3o e foi conduzida pelo presidente, Pastor Jos\u00e9 Guimar\u00e3es Coutinho.<\/p>\n\n\n\n<h2 class=\"wp-block-heading\"><mark style=\"background-color:rgba(0, 0, 0, 0)\" class=\"has-inline-color has-vivid-green-cyan-color\">A nova diretoria \u00e9 composta por:<\/mark><\/h2>\n\n\n\n<p><br>&#8211; Conselho de Curadores: Joel da Cruz Silva, Daniel Matos Chaves e Israel Fonseca Lindoso. Como suplentes, foram eleitos os pastores Valdemar Santos Barros, Cl\u00e1udio Froz Leite e Aldenir Franco Garcia.<br>&#8211; Diretoria Executiva:<br>&#8211; Presidente: Pastor Jos\u00e9 Guimar\u00e3es Coutinho<br>&#8211; Diretor-T\u00e9cnico: Reginaldo dos Santos Ribeiro<br>&#8211; Diretor Administrativo-Financeiro: Melquisedeck Sousa Abreu<br>&#8211; Conselho Fiscal: Pastor V\u00e1bio Campos Siqueira, Jos\u00e9 de Arimatea Cantanhede Pereira e Ant\u00f4nio Adalberto de Souza. Os suplentes s\u00e3o Edmilson Silva Flor, Elenildo de Jesus Gomes Pinheiro e Ant\u00f4nio Ferreira Pontes.<\/p>\n\n\n\n<p>Durante a reuni\u00e3o, o Diretor da R\u00e1dio Esperan\u00e7a FM, Pastor Isa\u00edas Batista, apresentou o Projeto Esperan\u00e7a Renovada, atualmente na sua 6\u00aa etapa, que inclui a desmontagem da antiga torre de 36 metros e a montagem de uma nova torre de 48 metros.<\/p>\n\n\n\n<p>O Pastor Isa\u00edas tamb\u00e9m destacou as pr\u00f3ximas fases do projeto, que envolvem a aquisi\u00e7\u00e3o de um novo transmissor para ampliar o alcance e a qualidade do sinal da emissora, a instala\u00e7\u00e3o de placas de energia solar e a constru\u00e7\u00e3o de um audit\u00f3rio para palestras e cursos comunit\u00e1rios. Al\u00e9m disso, a funda\u00e7\u00e3o continuar\u00e1 com suas iniciativas de apoio \u00e0 comunidade, como a entrega de cestas b\u00e1sicas, atendimento psicol\u00f3gico e parcerias com o Centro Social da IADESL, incluindo a Campanha Vem Doar e o Projeto AD Cidadania, entre outros.<\/p>\n\n\n\n<figure class=\"wp-block-gallery has-nested-images columns-default is-cropped wp-block-gallery-2 is-layout-flex wp-block-gallery-is-layout-flex\">\n<figure class=\"wp-block-image size-large\"><img decoding=\"async\" width=\"1024\" height=\"576\" data-id=\"4486\" src=\"https:\/\/iadesl.org\/wp-content\/uploads\/2024\/08\/WhatsApp-Image-2024-08-05-at-11.36.37-1024x576.jpeg\" alt=\"\" class=\"wp-image-4486\" srcset=\"https:\/\/iadesl.org\/wp-content\/uploads\/2024\/08\/WhatsApp-Image-2024-08-05-at-11.36.37-1024x576.jpeg 1024w, https:\/\/iadesl.org\/wp-content\/uploads\/2024\/08\/WhatsApp-Image-2024-08-05-at-11.36.37-300x169.jpeg 300w, https:\/\/iadesl.org\/wp-content\/uploads\/2024\/08\/WhatsApp-Image-2024-08-05-at-11.36.37-768x432.jpeg 768w, https:\/\/iadesl.org\/wp-content\/uploads\/2024\/08\/WhatsApp-Image-2024-08-05-at-11.36.37-1536x864.jpeg 1536w, https:\/\/iadesl.org\/wp-content\/uploads\/2024\/08\/WhatsApp-Image-2024-08-05-at-11.36.37-2048x1153.jpeg 2048w, https:\/\/iadesl.org\/wp-content\/uploads\/2024\/08\/WhatsApp-Image-2024-08-05-at-11.36.37-746x420.jpeg 746w, https:\/\/iadesl.org\/wp-content\/uploads\/2024\/08\/WhatsApp-Image-2024-08-05-at-11.36.37-696x392.jpeg 696w, https:\/\/iadesl.org\/wp-content\/uploads\/2024\/08\/WhatsApp-Image-2024-08-05-at-11.36.37-1068x601.jpeg 1068w, https:\/\/iadesl.org\/wp-content\/uploads\/2024\/08\/WhatsApp-Image-2024-08-05-at-11.36.37-1920x1080.jpeg 1920w, https:\/\/iadesl.org\/wp-content\/uploads\/2024\/08\/WhatsApp-Image-2024-08-05-at-11.36.37-600x338.jpeg 600w\" sizes=\"(max-width: 1024px) 100vw, 1024px\" \/><\/figure>\n\n\n\n<figure class=\"wp-block-image size-large\"><img decoding=\"async\" width=\"1024\" height=\"576\" data-id=\"4490\" src=\"https:\/\/iadesl.org\/wp-content\/uploads\/2024\/08\/WhatsApp-Image-2024-08-05-at-11.36.38-1024x576.jpeg\" alt=\"\" class=\"wp-image-4490\" srcset=\"https:\/\/iadesl.org\/wp-content\/uploads\/2024\/08\/WhatsApp-Image-2024-08-05-at-11.36.38-1024x576.jpeg 1024w, https:\/\/iadesl.org\/wp-content\/uploads\/2024\/08\/WhatsApp-Image-2024-08-05-at-11.36.38-300x169.jpeg 300w, https:\/\/iadesl.org\/wp-content\/uploads\/2024\/08\/WhatsApp-Image-2024-08-05-at-11.36.38-768x432.jpeg 768w, https:\/\/iadesl.org\/wp-content\/uploads\/2024\/08\/WhatsApp-Image-2024-08-05-at-11.36.38-1536x864.jpeg 1536w, https:\/\/iadesl.org\/wp-content\/uploads\/2024\/08\/WhatsApp-Image-2024-08-05-at-11.36.38-2048x1153.jpeg 2048w, https:\/\/iadesl.org\/wp-content\/uploads\/2024\/08\/WhatsApp-Image-2024-08-05-at-11.36.38-746x420.jpeg 746w, https:\/\/iadesl.org\/wp-content\/uploads\/2024\/08\/WhatsApp-Image-2024-08-05-at-11.36.38-696x392.jpeg 696w, https:\/\/iadesl.org\/wp-content\/uploads\/2024\/08\/WhatsApp-Image-2024-08-05-at-11.36.38-1068x601.jpeg 1068w, https:\/\/iadesl.org\/wp-content\/uploads\/2024\/08\/WhatsApp-Image-2024-08-05-at-11.36.38-1920x1080.jpeg 1920w, https:\/\/iadesl.org\/wp-content\/uploads\/2024\/08\/WhatsApp-Image-2024-08-05-at-11.36.38-600x338.jpeg 600w\" sizes=\"(max-width: 1024px) 100vw, 1024px\" \/><\/figure>\n\n\n\n<figure class=\"wp-block-image size-large\"><img loading=\"lazy\" decoding=\"async\" width=\"1024\" height=\"576\" data-id=\"4487\" src=\"https:\/\/iadesl.org\/wp-content\/uploads\/2024\/08\/WhatsApp-Image-2024-08-05-at-11.36.39-1-1024x576.jpeg\" alt=\"\" class=\"wp-image-4487\" srcset=\"https:\/\/iadesl.org\/wp-content\/uploads\/2024\/08\/WhatsApp-Image-2024-08-05-at-11.36.39-1-1024x576.jpeg 1024w, https:\/\/iadesl.org\/wp-content\/uploads\/2024\/08\/WhatsApp-Image-2024-08-05-at-11.36.39-1-300x169.jpeg 300w, https:\/\/iadesl.org\/wp-content\/uploads\/2024\/08\/WhatsApp-Image-2024-08-05-at-11.36.39-1-768x432.jpeg 768w, https:\/\/iadesl.org\/wp-content\/uploads\/2024\/08\/WhatsApp-Image-2024-08-05-at-11.36.39-1-1536x864.jpeg 1536w, https:\/\/iadesl.org\/wp-content\/uploads\/2024\/08\/WhatsApp-Image-2024-08-05-at-11.36.39-1-2048x1153.jpeg 2048w, https:\/\/iadesl.org\/wp-content\/uploads\/2024\/08\/WhatsApp-Image-2024-08-05-at-11.36.39-1-746x420.jpeg 746w, https:\/\/iadesl.org\/wp-content\/uploads\/2024\/08\/WhatsApp-Image-2024-08-05-at-11.36.39-1-696x392.jpeg 696w, https:\/\/iadesl.org\/wp-content\/uploads\/2024\/08\/WhatsApp-Image-2024-08-05-at-11.36.39-1-1068x601.jpeg 1068w, https:\/\/iadesl.org\/wp-content\/uploads\/2024\/08\/WhatsApp-Image-2024-08-05-at-11.36.39-1-1920x1080.jpeg 1920w, https:\/\/iadesl.org\/wp-content\/uploads\/2024\/08\/WhatsApp-Image-2024-08-05-at-11.36.39-1-600x338.jpeg 600w\" sizes=\"(max-width: 1024px) 100vw, 1024px\" \/><\/figure>\n\n\n\n<figure class=\"wp-block-image size-large\"><img loading=\"lazy\" decoding=\"async\" width=\"1024\" height=\"576\" data-id=\"4488\" src=\"https:\/\/iadesl.org\/wp-content\/uploads\/2024\/08\/WhatsApp-Image-2024-08-05-at-11.36.39-1024x576.jpeg\" alt=\"\" class=\"wp-image-4488\" srcset=\"https:\/\/iadesl.org\/wp-content\/uploads\/2024\/08\/WhatsApp-Image-2024-08-05-at-11.36.39-1024x576.jpeg 1024w, https:\/\/iadesl.org\/wp-content\/uploads\/2024\/08\/WhatsApp-Image-2024-08-05-at-11.36.39-300x169.jpeg 300w, https:\/\/iadesl.org\/wp-content\/uploads\/2024\/08\/WhatsApp-Image-2024-08-05-at-11.36.39-768x432.jpeg 768w, https:\/\/iadesl.org\/wp-content\/uploads\/2024\/08\/WhatsApp-Image-2024-08-05-at-11.36.39-1536x864.jpeg 1536w, https:\/\/iadesl.org\/wp-content\/uploads\/2024\/08\/WhatsApp-Image-2024-08-05-at-11.36.39-2048x1153.jpeg 2048w, https:\/\/iadesl.org\/wp-content\/uploads\/2024\/08\/WhatsApp-Image-2024-08-05-at-11.36.39-746x420.jpeg 746w, https:\/\/iadesl.org\/wp-content\/uploads\/2024\/08\/WhatsApp-Image-2024-08-05-at-11.36.39-696x392.jpeg 696w, https:\/\/iadesl.org\/wp-content\/uploads\/2024\/08\/WhatsApp-Image-2024-08-05-at-11.36.39-1068x601.jpeg 1068w, https:\/\/iadesl.org\/wp-content\/uploads\/2024\/08\/WhatsApp-Image-2024-08-05-at-11.36.39-1920x1080.jpeg 1920w, https:\/\/iadesl.org\/wp-content\/uploads\/2024\/08\/WhatsApp-Image-2024-08-05-at-11.36.39-600x338.jpeg 600w\" sizes=\"(max-width: 1024px) 100vw, 1024px\" \/><\/figure>\n\n\n\n<figure class=\"wp-block-image size-large\"><img loading=\"lazy\" decoding=\"async\" width=\"1024\" height=\"576\" data-id=\"4489\" src=\"https:\/\/iadesl.org\/wp-content\/uploads\/2024\/08\/WhatsApp-Image-2024-08-05-at-11.36.40-1-1024x576.jpeg\" alt=\"\" class=\"wp-image-4489\" srcset=\"https:\/\/iadesl.org\/wp-content\/uploads\/2024\/08\/WhatsApp-Image-2024-08-05-at-11.36.40-1-1024x576.jpeg 1024w, https:\/\/iadesl.org\/wp-content\/uploads\/2024\/08\/WhatsApp-Image-2024-08-05-at-11.36.40-1-300x169.jpeg 300w, https:\/\/iadesl.org\/wp-content\/uploads\/2024\/08\/WhatsApp-Image-2024-08-05-at-11.36.40-1-768x432.jpeg 768w, https:\/\/iadesl.org\/wp-content\/uploads\/2024\/08\/WhatsApp-Image-2024-08-05-at-11.36.40-1-1536x864.jpeg 1536w, https:\/\/iadesl.org\/wp-content\/uploads\/2024\/08\/WhatsApp-Image-2024-08-05-at-11.36.40-1-2048x1153.jpeg 2048w, https:\/\/iadesl.org\/wp-content\/uploads\/2024\/08\/WhatsApp-Image-2024-08-05-at-11.36.40-1-746x420.jpeg 746w, https:\/\/iadesl.org\/wp-content\/uploads\/2024\/08\/WhatsApp-Image-2024-08-05-at-11.36.40-1-696x392.jpeg 696w, https:\/\/iadesl.org\/wp-content\/uploads\/2024\/08\/WhatsApp-Image-2024-08-05-at-11.36.40-1-1068x601.jpeg 1068w, https:\/\/iadesl.org\/wp-content\/uploads\/2024\/08\/WhatsApp-Image-2024-08-05-at-11.36.40-1-1920x1080.jpeg 1920w, https:\/\/iadesl.org\/wp-content\/uploads\/2024\/08\/WhatsApp-Image-2024-08-05-at-11.36.40-1-600x338.jpeg 600w\" sizes=\"(max-width: 1024px) 100vw, 1024px\" \/><\/figure>\n\n\n\n<figure class=\"wp-block-image size-large\"><img loading=\"lazy\" decoding=\"async\" width=\"768\" height=\"1024\" data-id=\"4485\" src=\"https:\/\/iadesl.org\/wp-content\/uploads\/2024\/08\/WhatsApp-Image-2024-08-05-at-12.15.44-3-768x1024.jpeg\" alt=\"\" class=\"wp-image-4485\" srcset=\"https:\/\/iadesl.org\/wp-content\/uploads\/2024\/08\/WhatsApp-Image-2024-08-05-at-12.15.44-3-768x1024.jpeg 768w, https:\/\/iadesl.org\/wp-content\/uploads\/2024\/08\/WhatsApp-Image-2024-08-05-at-12.15.44-3-225x300.jpeg 225w, https:\/\/iadesl.org\/wp-content\/uploads\/2024\/08\/WhatsApp-Image-2024-08-05-at-12.15.44-3-315x420.jpeg 315w, https:\/\/iadesl.org\/wp-content\/uploads\/2024\/08\/WhatsApp-Image-2024-08-05-at-12.15.44-3-696x928.jpeg 696w, https:\/\/iadesl.org\/wp-content\/uploads\/2024\/08\/WhatsApp-Image-2024-08-05-at-12.15.44-3-600x800.jpeg 600w, https:\/\/iadesl.org\/wp-content\/uploads\/2024\/08\/WhatsApp-Image-2024-08-05-at-12.15.44-3.jpeg 960w\" sizes=\"(max-width: 768px) 100vw, 768px\" \/><\/figure>\n<\/figure>\n","protected":false},"excerpt":{"rendered":"<p>Na segunda-feira, 5 de agosto, a Funda\u00e7\u00e3o Cultural Pastor Jos\u00e9 Rom\u00e3o de Souza, mantenedora da R\u00e1dio Esperan\u00e7a FM, elegeu e empossou sua nova diretoria para o quadri\u00eanio 2024\/2028. A reuni\u00e3o ocorreu na sede da funda\u00e7\u00e3o e foi conduzida pelo presidente, Pastor Jos\u00e9 Guimar\u00e3es Coutinho. A nova diretoria \u00e9 composta por: &#8211; Conselho de Curadores: Joel [&hellip;]<\/p>\n","protected":false},"author":4,"featured_media":0,"comment_status":"open","ping_status":"open","sticky":false,"template":"","format":"standard","meta":{"footnotes":""},"categories":[23],"tags":[2343,2342,2243,2341],"class_list":{"0":"post-4479","1":"post","2":"type-post","3":"status-publish","4":"format-standard","6":"category-noticias","7":"tag-diretoria","8":"tag-fundacao-cultural","9":"tag-iadesl","10":"tag-radio-fm-esperanca"},"_links":{"self":[{"href":"https:\/\/iadesl.org\/index.php\/wp-json\/wp\/v2\/posts\/4479","targetHints":{"allow":["GET"]}}],"collection":[{"href":"https:\/\/iadesl.org\/index.php\/wp-json\/wp\/v2\/posts"}],"about":[{"href":"https:\/\/iadesl.org\/index.php\/wp-json\/wp\/v2\/types\/post"}],"author":[{"embeddable":true,"href":"https:\/\/iadesl.org\/index.php\/wp-json\/wp\/v2\/users\/4"}],"replies":[{"embeddable":true,"href":"https:\/\/iadesl.org\/index.php\/wp-json\/wp\/v2\/comments?post=4479"}],"version-history":[{"count":1,"href":"https:\/\/iadesl.org\/index.php\/wp-json\/wp\/v2\/posts\/4479\/revisions"}],"predecessor-version":[{"id":4491,"href":"https:\/\/iadesl.org\/index.php\/wp-json\/wp\/v2\/posts\/4479\/revisions\/4491"}],"wp:attachment":[{"href":"https:\/\/iadesl.org\/index.php\/wp-json\/wp\/v2\/media?parent=4479"}],"wp:term":[{"taxonomy":"category","embeddable":true,"href":"https:\/\/iadesl.org\/index.php\/wp-json\/wp\/v2\/categories?post=4479"},{"taxonomy":"post_tag","embeddable":true,"href":"https:\/\/iadesl.org\/index.php\/wp-json\/wp\/v2\/tags?post=4479"}],"curies":[{"name":"wp","href":"https:\/\/api.w.org\/{rel}","templated":true}]}}