{"id":2248,"date":"2023-05-19T16:41:15","date_gmt":"2023-05-19T19:41:15","guid":{"rendered":"https:\/\/iadesl.org\/?p=2248"},"modified":"2023-05-19T16:44:00","modified_gmt":"2023-05-19T19:44:00","slug":"demadesl-realiza-a-primeira-previa-do-congresso-masculino-da-iadesl","status":"publish","type":"post","link":"https:\/\/iadesl.org\/index.php\/2023\/05\/19\/demadesl-realiza-a-primeira-previa-do-congresso-masculino-da-iadesl\/","title":{"rendered":"Demadesl realiza a primeira pr\u00e9via do Congresso Masculino da Iadesl"},"content":{"rendered":"\n<p>O Departamento Masculino da Igreja Assembleia de Deus em S\u00e3o Lu\u00eds (DEMADESL) realizou dia 9 de maio, o primeiro Pr\u00e9-congresso do DEMADESL com o tema \u201cO homem que Deus usa\u201d, com ministra\u00e7\u00e3o do Pr. Olivoandes J\u00fanior, da \u00c1rea 6. O culto foi dirigido pelo Pr. V\u00e1bio Siqueira, coordenador deste departamento, no Templo Central.<\/p>\n\n\n\n<p>O tema do pr\u00e9-congresso foi abordado com base no texto da ep\u00edstola escrita por Judas, vers\u00edculos 20 a 25, em que o ap\u00f3stolo, que se denomina como irm\u00e3o de Tiago e servo de Jesus, convoca os primeiros crist\u00e3os convertidos a se posicionarem diante a sociedade da \u00e9poca e a se diferenciarem.<\/p>\n\n\n\n<p>Judas cita homens que envergonharam o nome de Deus ao longo da hist\u00f3ria. Entre eles Caim, homicida que matou o irm\u00e3o por inveja. O outro citado \u00e9 Bala\u00e3o que leva o povo a pecar. Por \u00faltimo, Cor\u00e1, homem soberbo, que n\u00e3o aceitou que a tribo de Levi fosse levantada.<\/p>\n\n\n\n<p>A Carta Cristoc\u00eantrica mostra como um homem se torna diferente desses homens, conforme escreveu o autor no vers\u00edculo 20: Primeiro \u00e9 edificando -se sobre a sant\u00edssima f\u00e9 e orando no Esp\u00edrito Santo. E por fim, dedicando tudo a Deus, que \u00e9 digno de adora\u00e7\u00e3o.<\/p>\n\n\n\n<p>O culto ainda teve momentos de muito louvor com o grande coral masculino da Iadesl regido pelo irm\u00e3o Juraci Gusm\u00e3o, \u00c1rea 125; e participa\u00e7\u00f5es dos irm\u00e3os Gon\u00e7alo e Robertinho Vieira, da \u00c1rea 75, e o cantor Obadias.<\/p>\n\n\n\n<p>O Congresso DEMADESL acontece nos dias 17 e 18 de novembro, no Templo Central. Em breve mais informa\u00e7\u00f5es.<\/p>\n\n\n\n<figure class=\"wp-block-gallery has-nested-images columns-default is-cropped wp-block-gallery-1 is-layout-flex wp-block-gallery-is-layout-flex\">\n<figure class=\"wp-block-image size-large\"><img fetchpriority=\"high\" decoding=\"async\" width=\"1024\" height=\"768\" data-id=\"2252\" src=\"https:\/\/iadesl.org\/wp-content\/uploads\/2023\/05\/IMG-20230509-WA0089-1024x768.jpg\" alt=\"\" class=\"wp-image-2252\" srcset=\"https:\/\/iadesl.org\/wp-content\/uploads\/2023\/05\/IMG-20230509-WA0089-1024x768.jpg 1024w, https:\/\/iadesl.org\/wp-content\/uploads\/2023\/05\/IMG-20230509-WA0089-600x450.jpg 600w, https:\/\/iadesl.org\/wp-content\/uploads\/2023\/05\/IMG-20230509-WA0089-300x225.jpg 300w, https:\/\/iadesl.org\/wp-content\/uploads\/2023\/05\/IMG-20230509-WA0089-768x576.jpg 768w, https:\/\/iadesl.org\/wp-content\/uploads\/2023\/05\/IMG-20230509-WA0089-1536x1152.jpg 1536w, https:\/\/iadesl.org\/wp-content\/uploads\/2023\/05\/IMG-20230509-WA0089-696x522.jpg 696w, https:\/\/iadesl.org\/wp-content\/uploads\/2023\/05\/IMG-20230509-WA0089-1068x801.jpg 1068w, https:\/\/iadesl.org\/wp-content\/uploads\/2023\/05\/IMG-20230509-WA0089.jpg 1600w\" sizes=\"(max-width: 1024px) 100vw, 1024px\" \/><\/figure>\n\n\n\n<figure class=\"wp-block-image size-large\"><img decoding=\"async\" width=\"1024\" height=\"768\" data-id=\"2250\" src=\"https:\/\/iadesl.org\/wp-content\/uploads\/2023\/05\/IMG-20230509-WA0111-1024x768.jpg\" alt=\"\" class=\"wp-image-2250\" srcset=\"https:\/\/iadesl.org\/wp-content\/uploads\/2023\/05\/IMG-20230509-WA0111-1024x768.jpg 1024w, https:\/\/iadesl.org\/wp-content\/uploads\/2023\/05\/IMG-20230509-WA0111-600x450.jpg 600w, https:\/\/iadesl.org\/wp-content\/uploads\/2023\/05\/IMG-20230509-WA0111-300x225.jpg 300w, https:\/\/iadesl.org\/wp-content\/uploads\/2023\/05\/IMG-20230509-WA0111-768x576.jpg 768w, https:\/\/iadesl.org\/wp-content\/uploads\/2023\/05\/IMG-20230509-WA0111-1536x1152.jpg 1536w, https:\/\/iadesl.org\/wp-content\/uploads\/2023\/05\/IMG-20230509-WA0111-696x522.jpg 696w, https:\/\/iadesl.org\/wp-content\/uploads\/2023\/05\/IMG-20230509-WA0111-1068x801.jpg 1068w, https:\/\/iadesl.org\/wp-content\/uploads\/2023\/05\/IMG-20230509-WA0111.jpg 1600w\" sizes=\"(max-width: 1024px) 100vw, 1024px\" \/><\/figure>\n\n\n\n<figure class=\"wp-block-image size-large\"><img decoding=\"async\" width=\"1024\" height=\"768\" data-id=\"2251\" src=\"https:\/\/iadesl.org\/wp-content\/uploads\/2023\/05\/IMG-20230509-WA0115-1024x768.jpg\" alt=\"\" class=\"wp-image-2251\" srcset=\"https:\/\/iadesl.org\/wp-content\/uploads\/2023\/05\/IMG-20230509-WA0115-1024x768.jpg 1024w, https:\/\/iadesl.org\/wp-content\/uploads\/2023\/05\/IMG-20230509-WA0115-600x450.jpg 600w, https:\/\/iadesl.org\/wp-content\/uploads\/2023\/05\/IMG-20230509-WA0115-300x225.jpg 300w, https:\/\/iadesl.org\/wp-content\/uploads\/2023\/05\/IMG-20230509-WA0115-768x576.jpg 768w, https:\/\/iadesl.org\/wp-content\/uploads\/2023\/05\/IMG-20230509-WA0115-1536x1152.jpg 1536w, https:\/\/iadesl.org\/wp-content\/uploads\/2023\/05\/IMG-20230509-WA0115-696x522.jpg 696w, https:\/\/iadesl.org\/wp-content\/uploads\/2023\/05\/IMG-20230509-WA0115-1068x801.jpg 1068w, https:\/\/iadesl.org\/wp-content\/uploads\/2023\/05\/IMG-20230509-WA0115.jpg 1600w\" sizes=\"(max-width: 1024px) 100vw, 1024px\" \/><\/figure>\n<\/figure>\n\n\n\n<figure class=\"wp-block-gallery has-nested-images columns-default is-cropped wp-block-gallery-2 is-layout-flex wp-block-gallery-is-layout-flex\">\n<figure class=\"wp-block-image size-large\"><img loading=\"lazy\" decoding=\"async\" width=\"768\" height=\"1024\" data-id=\"2253\" src=\"https:\/\/iadesl.org\/wp-content\/uploads\/2023\/05\/IMG-20230509-WA0091-768x1024.jpg\" alt=\"\" class=\"wp-image-2253\" srcset=\"https:\/\/iadesl.org\/wp-content\/uploads\/2023\/05\/IMG-20230509-WA0091-768x1024.jpg 768w, https:\/\/iadesl.org\/wp-content\/uploads\/2023\/05\/IMG-20230509-WA0091-600x800.jpg 600w, https:\/\/iadesl.org\/wp-content\/uploads\/2023\/05\/IMG-20230509-WA0091-225x300.jpg 225w, https:\/\/iadesl.org\/wp-content\/uploads\/2023\/05\/IMG-20230509-WA0091-1152x1536.jpg 1152w, https:\/\/iadesl.org\/wp-content\/uploads\/2023\/05\/IMG-20230509-WA0091-696x928.jpg 696w, https:\/\/iadesl.org\/wp-content\/uploads\/2023\/05\/IMG-20230509-WA0091-1068x1424.jpg 1068w, https:\/\/iadesl.org\/wp-content\/uploads\/2023\/05\/IMG-20230509-WA0091.jpg 1200w\" sizes=\"(max-width: 768px) 100vw, 768px\" \/><\/figure>\n\n\n\n<figure class=\"wp-block-image size-large\"><img loading=\"lazy\" decoding=\"async\" width=\"768\" height=\"1024\" data-id=\"2256\" src=\"https:\/\/iadesl.org\/wp-content\/uploads\/2023\/05\/IMG-20230509-WA0121-768x1024.jpg\" alt=\"\" class=\"wp-image-2256\" srcset=\"https:\/\/iadesl.org\/wp-content\/uploads\/2023\/05\/IMG-20230509-WA0121-768x1024.jpg 768w, https:\/\/iadesl.org\/wp-content\/uploads\/2023\/05\/IMG-20230509-WA0121-600x800.jpg 600w, https:\/\/iadesl.org\/wp-content\/uploads\/2023\/05\/IMG-20230509-WA0121-225x300.jpg 225w, https:\/\/iadesl.org\/wp-content\/uploads\/2023\/05\/IMG-20230509-WA0121-1152x1536.jpg 1152w, https:\/\/iadesl.org\/wp-content\/uploads\/2023\/05\/IMG-20230509-WA0121-696x928.jpg 696w, https:\/\/iadesl.org\/wp-content\/uploads\/2023\/05\/IMG-20230509-WA0121-1068x1424.jpg 1068w, https:\/\/iadesl.org\/wp-content\/uploads\/2023\/05\/IMG-20230509-WA0121.jpg 1200w\" sizes=\"(max-width: 768px) 100vw, 768px\" \/><\/figure>\n\n\n\n<figure class=\"wp-block-image size-large\"><img loading=\"lazy\" decoding=\"async\" width=\"768\" height=\"1024\" data-id=\"2255\" src=\"https:\/\/iadesl.org\/wp-content\/uploads\/2023\/05\/IMG-20230509-WA0122-768x1024.jpg\" alt=\"\" class=\"wp-image-2255\" srcset=\"https:\/\/iadesl.org\/wp-content\/uploads\/2023\/05\/IMG-20230509-WA0122-768x1024.jpg 768w, https:\/\/iadesl.org\/wp-content\/uploads\/2023\/05\/IMG-20230509-WA0122-600x800.jpg 600w, https:\/\/iadesl.org\/wp-content\/uploads\/2023\/05\/IMG-20230509-WA0122-225x300.jpg 225w, https:\/\/iadesl.org\/wp-content\/uploads\/2023\/05\/IMG-20230509-WA0122-1152x1536.jpg 1152w, https:\/\/iadesl.org\/wp-content\/uploads\/2023\/05\/IMG-20230509-WA0122-696x928.jpg 696w, https:\/\/iadesl.org\/wp-content\/uploads\/2023\/05\/IMG-20230509-WA0122-1068x1424.jpg 1068w, https:\/\/iadesl.org\/wp-content\/uploads\/2023\/05\/IMG-20230509-WA0122.jpg 1200w\" sizes=\"(max-width: 768px) 100vw, 768px\" \/><\/figure>\n<\/figure>\n\n\n\n<p><\/p>\n\n\n\n<p>Texto e fotos: Lideney Ferreira (Midiadesl)<\/p>\n","protected":false},"excerpt":{"rendered":"<p>O Departamento Masculino da Igreja Assembleia de Deus em S\u00e3o Lu\u00eds (DEMADESL) realizou dia 9 de maio, o primeiro Pr\u00e9-congresso do DEMADESL com o tema \u201cO homem que Deus usa\u201d, com ministra\u00e7\u00e3o do Pr. Olivoandes J\u00fanior, da \u00c1rea 6. O culto foi dirigido pelo Pr. V\u00e1bio Siqueira, coordenador deste departamento, no Templo Central. O tema [&hellip;]<\/p>\n","protected":false},"author":3,"featured_media":2249,"comment_status":"open","ping_status":"open","sticky":false,"template":"","format":"standard","meta":{"footnotes":""},"categories":[34,22,23],"tags":[],"class_list":{"0":"post-2248","1":"post","2":"type-post","3":"status-publish","4":"format-standard","5":"has-post-thumbnail","7":"category-demadesl","8":"category-departamentos","9":"category-noticias"},"_links":{"self":[{"href":"https:\/\/iadesl.org\/index.php\/wp-json\/wp\/v2\/posts\/2248","targetHints":{"allow":["GET"]}}],"collection":[{"href":"https:\/\/iadesl.org\/index.php\/wp-json\/wp\/v2\/posts"}],"about":[{"href":"https:\/\/iadesl.org\/index.php\/wp-json\/wp\/v2\/types\/post"}],"author":[{"embeddable":true,"href":"https:\/\/iadesl.org\/index.php\/wp-json\/wp\/v2\/users\/3"}],"replies":[{"embeddable":true,"href":"https:\/\/iadesl.org\/index.php\/wp-json\/wp\/v2\/comments?post=2248"}],"version-history":[{"count":1,"href":"https:\/\/iadesl.org\/index.php\/wp-json\/wp\/v2\/posts\/2248\/revisions"}],"predecessor-version":[{"id":2257,"href":"https:\/\/iadesl.org\/index.php\/wp-json\/wp\/v2\/posts\/2248\/revisions\/2257"}],"wp:featuredmedia":[{"embeddable":true,"href":"https:\/\/iadesl.org\/index.php\/wp-json\/wp\/v2\/media\/2249"}],"wp:attachment":[{"href":"https:\/\/iadesl.org\/index.php\/wp-json\/wp\/v2\/media?parent=2248"}],"wp:term":[{"taxonomy":"category","embeddable":true,"href":"https:\/\/iadesl.org\/index.php\/wp-json\/wp\/v2\/categories?post=2248"},{"taxonomy":"post_tag","embeddable":true,"href":"https:\/\/iadesl.org\/index.php\/wp-json\/wp\/v2\/tags?post=2248"}],"curies":[{"name":"wp","href":"https:\/\/api.w.org\/{rel}","templated":true}]}}