{"id":2177,"date":"2023-04-05T09:40:00","date_gmt":"2023-04-05T12:40:00","guid":{"rendered":"https:\/\/iadesl.org\/?p=2177"},"modified":"2023-04-05T10:53:07","modified_gmt":"2023-04-05T13:53:07","slug":"campanha-vem-doar-2023-busca-incentivar-a-doacao-de-sangue-em-sao-luis","status":"publish","type":"post","link":"https:\/\/iadesl.org\/index.php\/2023\/04\/05\/campanha-vem-doar-2023-busca-incentivar-a-doacao-de-sangue-em-sao-luis\/","title":{"rendered":"Campanha &#8220;Vem Doar 2023&#8221; busca incentivar a doa\u00e7\u00e3o de sangue em S\u00e3o Lu\u00eds"},"content":{"rendered":"\n<p class=\"has-text-align-center\" style=\"margin-top:-35px\"><em><mark style=\"background-color:rgba(0, 0, 0, 0);color:#626262\" class=\"has-inline-color\">A campanha ser\u00e1 realizada em duas etapas, com a primeira ocorrendo no dia 3 de junho e a segunda no dia 14 de outubro.<\/mark><\/em><\/p>\n\n\n\n<p><em>A Campanha Vem Doar 2023 \u00e9 uma Parceria entre a Assembleia de Deus em S\u00e3o Lu\u00eds(IADESL) e o Centro de Hematologia e Hemoterapia do Maranh\u00e3o (HEMOMAR), e tem como objetivo incentivar a doa\u00e7\u00e3o de sangue na capital maranhense. <\/em><\/p>\n\n\n\n<p style=\"margin-top:0px\"><em>Os locais de coleta foram definidos em parceria com o Hemomar, institui\u00e7\u00e3o respons\u00e1vel pela coleta e distribui\u00e7\u00e3o de sangue no estado. Na primeira etapa, os postos de coleta estar\u00e3o na Assembleia de Deus, Congrega\u00e7\u00e3o Subsede, \u00c1rea 06, Avenida Odilo Costa Filho, Anjo da Guarda, em frente \u00e0 pra\u00e7a do Anjo da Guarda, e no Hemomar, localizado na Rua Cinco de Janeiro, S\/N &#8211; Jordoa, pr\u00f3ximo ao Eletro Mateus do Jo\u00e3o Paulo. O hor\u00e1rio de coleta ser\u00e1 das 8:00 \u00e0s 17:00 horas.<\/em><\/p>\n\n\n\n<p><em>Na segunda etapa, os postos de coleta ser\u00e3o na Congrega\u00e7\u00e3o Betel, Subsede da \u00c1rea 33, Estrada de Ribamar, Km 1 &#8211; Planalto Aurora\/ ao lado do condom\u00ednio Fonte do Ribeir\u00e3o e novamente no Hemomar, pr\u00f3ximo ao Eletro Mateus do Jo\u00e3o Paulo. O hor\u00e1rio de coleta ser\u00e1 o mesmo, das 8:00 \u00e0s 17:00 horas.<\/em><\/p>\n\n\n\n<p><em>A meta proposta pela organiza\u00e7\u00e3o do projeto \u00e9 de 500 bolsas de sangue por etapa. Para alcan\u00e7ar essa meta, cada \u00e1rea de trabalhos pastorais estar\u00e1 organizada em polos, com um coordenador para cada polo, visando mobilizar a comunidade e incentivar a doa\u00e7\u00e3o. A expectativa \u00e9 que cada \u00e1rea de trabalhos pastorais envie no m\u00ednimo 10 doadores para contribuir com a meta.<\/em><\/p>\n\n\n\n<p><em>A campanha &#8220;Vem Doar 2023&#8221; contar\u00e1 com diversos canais de divulga\u00e7\u00e3o, incluindo redes sociais, FM Esperan\u00e7a e carro de som nos polos de \u00e1reas, entre outros. Al\u00e9m disso, a organiza\u00e7\u00e3o disponibilizar\u00e1 um formul\u00e1rio de inscri\u00e7\u00e3o no Google Forms para facilitar o acompanhamento dos doadores por \u00e1rea de trabalhos pastorais e a organiza\u00e7\u00e3o do banco de dados de doadores da IADESL.<\/em><\/p>\n\n\n\n<p><em>Os volunt\u00e1rios envolvidos diretamente na coleta de sangue receber\u00e3o alimenta\u00e7\u00e3o providenciada pela organiza\u00e7\u00e3o da campanha como forma de reconhecimento pelo seu trabalho.<\/em><\/p>\n\n\n\n<p><em>Os polos de \u00e1reas e seus respectivos coordenadores s\u00e3o: Pr. Eudivan Furtado no Polo Anjo da Guarda, Pr. Aldenir Garcia no Polo Vila Embratel, Pr. Estevam Campos no Polo Central, Pr. Denilson de Jesus no Polo Vinhais\/Cohatrac, Pr. Miqu\u00e9ias Moraes no Polo Turu\/Ara\u00e7agy, Pr. Carlos Garcez no Polo Maiob\u00e3o e Pr. Daniel Pereira e Di\u00e1cono Davi Carmo no Polo Cidade Oper\u00e1ria\/Cidade Ol\u00edmpica.<\/em><\/p>\n\n\n\n<p><em>A campanha &#8220;Vem Doar 2023&#8221; tem como objetivo suprir a demanda de sangue nos hospitais da regi\u00e3o e salvar vidas. A doa\u00e7\u00e3o de sangue \u00e9 um ato de solidariedade que pode fazer a diferen\u00e7a na vida de muitas pessoas.<\/em><\/p>\n","protected":false},"excerpt":{"rendered":"<p>A campanha ser\u00e1 realizada em duas etapas, com a primeira ocorrendo no dia 3 de junho e a segunda no dia 14 de outubro. A Campanha Vem Doar 2023 \u00e9 uma Parceria entre a Assembleia de Deus em S\u00e3o Lu\u00eds(IADESL) e o Centro de Hematologia e Hemoterapia do Maranh\u00e3o (HEMOMAR), e tem como objetivo incentivar [&hellip;]<\/p>\n","protected":false},"author":4,"featured_media":2178,"comment_status":"open","ping_status":"open","sticky":false,"template":"","format":"standard","meta":{"footnotes":""},"categories":[23],"tags":[],"class_list":{"0":"post-2177","1":"post","2":"type-post","3":"status-publish","4":"format-standard","5":"has-post-thumbnail","7":"category-noticias"},"_links":{"self":[{"href":"https:\/\/iadesl.org\/index.php\/wp-json\/wp\/v2\/posts\/2177","targetHints":{"allow":["GET"]}}],"collection":[{"href":"https:\/\/iadesl.org\/index.php\/wp-json\/wp\/v2\/posts"}],"about":[{"href":"https:\/\/iadesl.org\/index.php\/wp-json\/wp\/v2\/types\/post"}],"author":[{"embeddable":true,"href":"https:\/\/iadesl.org\/index.php\/wp-json\/wp\/v2\/users\/4"}],"replies":[{"embeddable":true,"href":"https:\/\/iadesl.org\/index.php\/wp-json\/wp\/v2\/comments?post=2177"}],"version-history":[{"count":7,"href":"https:\/\/iadesl.org\/index.php\/wp-json\/wp\/v2\/posts\/2177\/revisions"}],"predecessor-version":[{"id":2186,"href":"https:\/\/iadesl.org\/index.php\/wp-json\/wp\/v2\/posts\/2177\/revisions\/2186"}],"wp:featuredmedia":[{"embeddable":true,"href":"https:\/\/iadesl.org\/index.php\/wp-json\/wp\/v2\/media\/2178"}],"wp:attachment":[{"href":"https:\/\/iadesl.org\/index.php\/wp-json\/wp\/v2\/media?parent=2177"}],"wp:term":[{"taxonomy":"category","embeddable":true,"href":"https:\/\/iadesl.org\/index.php\/wp-json\/wp\/v2\/categories?post=2177"},{"taxonomy":"post_tag","embeddable":true,"href":"https:\/\/iadesl.org\/index.php\/wp-json\/wp\/v2\/tags?post=2177"}],"curies":[{"name":"wp","href":"https:\/\/api.w.org\/{rel}","templated":true}]}}