{"id":1898,"date":"2022-12-30T22:05:40","date_gmt":"2022-12-31T01:05:40","guid":{"rendered":"https:\/\/iadesl.org\/?p=1898"},"modified":"2022-12-31T10:29:29","modified_gmt":"2022-12-31T13:29:29","slug":"pastor-coutinho-diretoria-e-colegiado-de-obreiros-desejam-um-feliz-ano-novo-ao-membros-e-congregados-da-iadesl","status":"publish","type":"post","link":"https:\/\/iadesl.org\/index.php\/2022\/12\/30\/pastor-coutinho-diretoria-e-colegiado-de-obreiros-desejam-um-feliz-ano-novo-ao-membros-e-congregados-da-iadesl\/","title":{"rendered":"Pastor Coutinho, diretoria e colegiado de obreiros desejam um Feliz Ano Novo aos membros e congregados da IADESL"},"content":{"rendered":"\n<p>2022, um ano hist\u00f3rico, ano do Centen\u00e1rio da Assembleia de Deus em S\u00e3o Lu\u00eds do Maranh\u00e3o.<\/p>\n\n\n\n<p>Foram muitos desafios, muitas lutas, muitas l\u00e1grimas derramadas, mas tamb\u00e9m foi um ano de muitas celebra\u00e7\u00f5es, muitas ora\u00e7\u00f5es, muitas realiza\u00e7\u00f5es.<\/p>\n\n\n\n<p>Foi um ano de trabalho intenso para que os 100 anos da IADESL fossem celebrados num espa\u00e7o pr\u00f3prio, o Espa\u00e7o Centen\u00e1rio.<\/p>\n\n\n\n<p>Pela gra\u00e7a de Deus, a celebra\u00e7\u00e3o da \u00faltima etapa do Centen\u00e1rio da IADESL aconteceu nos dias 24 a 26 de novembro, no Espa\u00e7o Centen\u00e1rio.<\/p>\n\n\n\n<p>A apoteose de abertura, com a participa\u00e7\u00e3o de todos os departamentos da IADESL, foi simplesmente algo extraordin\u00e1rio, incr\u00edvel, inesquec\u00edvel!<\/p>\n\n\n\n<p>O batismo nas \u00e1guas, segunda edi\u00e7\u00e3o especial do Centen\u00e1rio, realizado nas piscinas batismais do Espa\u00e7o Centen\u00e1rio, fechou com chave de ouro as celebra\u00e7\u00f5es dos 100 anos da Assembleia de Deus em S\u00e3o Lu\u00eds.<\/p>\n\n\n\n<p>O pastor presidente, Jos\u00e9 Guimar\u00e3es Coutinho e fam\u00edlia, bem como a diretoria e colegiado de obreiros, desejam um Feliz Ano Novo cheio de muitas vit\u00f3rias e conquistas aos membros e congregados da IADESL!<\/p>\n\n\n\n<p>Feliz 2023 Sob o Impacto do Poder!<\/p>\n\n\n\n<figure class=\"wp-block-video\"><video height=\"1080\" style=\"aspect-ratio: 1920 \/ 1080;\" width=\"1920\" controls src=\"https:\/\/iadesl.org\/wp-content\/uploads\/2022\/12\/Feliz-2023-Mensagem-Final-de-Ano-IADESL-Centenario.mp4\"><\/video><figcaption class=\"wp-element-caption\"><em>Edi\u00e7\u00e3o: @jeziel_noronhaa<br>Filmagens via drone: @geradores_adn.mld<br>\u00c1udio da sonora: @locutorjoelmendes<\/em><br><em>Trilha Sonora: Centen\u00e1rio IADESL (Composi\u00e7\u00e3o: Maestro Jo\u00e3o Diniz; Harmonia: Adoradoras da \u00daltima Hora)<\/em><\/figcaption><\/figure>\n\n\n\n<p><\/p>\n\n\n\n<p><\/p>\n","protected":false},"excerpt":{"rendered":"<p>2022, um ano hist\u00f3rico, ano do Centen\u00e1rio da Assembleia de Deus em S\u00e3o Lu\u00eds do Maranh\u00e3o. Foram muitos desafios, muitas lutas, muitas l\u00e1grimas derramadas, mas tamb\u00e9m foi um ano de muitas celebra\u00e7\u00f5es, muitas ora\u00e7\u00f5es, muitas realiza\u00e7\u00f5es. Foi um ano de trabalho intenso para que os 100 anos da IADESL fossem celebrados num espa\u00e7o pr\u00f3prio, o [&hellip;]<\/p>\n","protected":false},"author":4,"featured_media":1900,"comment_status":"open","ping_status":"open","sticky":false,"template":"","format":"standard","meta":{"footnotes":""},"categories":[2241,23],"tags":[],"class_list":{"0":"post-1898","1":"post","2":"type-post","3":"status-publish","4":"format-standard","5":"has-post-thumbnail","7":"category-mensagens","8":"category-noticias"},"_links":{"self":[{"href":"https:\/\/iadesl.org\/index.php\/wp-json\/wp\/v2\/posts\/1898","targetHints":{"allow":["GET"]}}],"collection":[{"href":"https:\/\/iadesl.org\/index.php\/wp-json\/wp\/v2\/posts"}],"about":[{"href":"https:\/\/iadesl.org\/index.php\/wp-json\/wp\/v2\/types\/post"}],"author":[{"embeddable":true,"href":"https:\/\/iadesl.org\/index.php\/wp-json\/wp\/v2\/users\/4"}],"replies":[{"embeddable":true,"href":"https:\/\/iadesl.org\/index.php\/wp-json\/wp\/v2\/comments?post=1898"}],"version-history":[{"count":3,"href":"https:\/\/iadesl.org\/index.php\/wp-json\/wp\/v2\/posts\/1898\/revisions"}],"predecessor-version":[{"id":1903,"href":"https:\/\/iadesl.org\/index.php\/wp-json\/wp\/v2\/posts\/1898\/revisions\/1903"}],"wp:featuredmedia":[{"embeddable":true,"href":"https:\/\/iadesl.org\/index.php\/wp-json\/wp\/v2\/media\/1900"}],"wp:attachment":[{"href":"https:\/\/iadesl.org\/index.php\/wp-json\/wp\/v2\/media?parent=1898"}],"wp:term":[{"taxonomy":"category","embeddable":true,"href":"https:\/\/iadesl.org\/index.php\/wp-json\/wp\/v2\/categories?post=1898"},{"taxonomy":"post_tag","embeddable":true,"href":"https:\/\/iadesl.org\/index.php\/wp-json\/wp\/v2\/tags?post=1898"}],"curies":[{"name":"wp","href":"https:\/\/api.w.org\/{rel}","templated":true}]}}