{"id":1853,"date":"2022-12-20T17:36:11","date_gmt":"2022-12-20T20:36:11","guid":{"rendered":"https:\/\/iadesl.org\/?p=1853"},"modified":"2022-12-21T07:56:22","modified_gmt":"2022-12-21T10:56:22","slug":"assembleia-de-deus-e-homenageada-pelos-100-anos-no-maranhao-na-assembleia-legislativa","status":"publish","type":"post","link":"https:\/\/iadesl.org\/index.php\/2022\/12\/20\/assembleia-de-deus-e-homenageada-pelos-100-anos-no-maranhao-na-assembleia-legislativa\/","title":{"rendered":"Assembleia de Deus recebe homenagem na Assembleia Legislativa pelos 100 anos no Maranh\u00e3o"},"content":{"rendered":"\n<p>A Assembleia de Deus no Maranh\u00e3o foi homenageada pela Assembleia Legislativa pelos seus 100 anos no estado. A cerim\u00f4nia aconteceu nessa segunda-feira (19). A iniciativa foi da Deputada Estadual Mical Damasceno. Na ocasi\u00e3o, 19 pastores receberam a Medalha do M\u00e9rito Legislativo \u201cManuel Beckman\u201d, maior honraria concedida pelo Poder Legislativo Estadual. O Grupo de Percuss\u00e3o \u201cAdoradoras da \u00daltima Hora\u201d tamb\u00e9m foi homenageado e recebeu uma placa.<\/p>\n\n\n\n<figure class=\"wp-block-gallery has-nested-images columns-default is-cropped wp-block-gallery-1 is-layout-flex wp-block-gallery-is-layout-flex\">\n<figure class=\"wp-block-image size-large\"><img fetchpriority=\"high\" decoding=\"async\" width=\"1024\" height=\"768\" data-id=\"1856\" src=\"https:\/\/iadesl.org\/wp-content\/uploads\/2022\/12\/Foto-4-1024x768.jpeg\" alt=\"\" class=\"wp-image-1856\" srcset=\"https:\/\/iadesl.org\/wp-content\/uploads\/2022\/12\/Foto-4-1024x768.jpeg 1024w, https:\/\/iadesl.org\/wp-content\/uploads\/2022\/12\/Foto-4-600x450.jpeg 600w, https:\/\/iadesl.org\/wp-content\/uploads\/2022\/12\/Foto-4-300x225.jpeg 300w, https:\/\/iadesl.org\/wp-content\/uploads\/2022\/12\/Foto-4-768x576.jpeg 768w, https:\/\/iadesl.org\/wp-content\/uploads\/2022\/12\/Foto-4-1536x1152.jpeg 1536w, https:\/\/iadesl.org\/wp-content\/uploads\/2022\/12\/Foto-4-696x522.jpeg 696w, https:\/\/iadesl.org\/wp-content\/uploads\/2022\/12\/Foto-4-1068x801.jpeg 1068w, https:\/\/iadesl.org\/wp-content\/uploads\/2022\/12\/Foto-4.jpeg 1600w\" sizes=\"(max-width: 1024px) 100vw, 1024px\" \/><\/figure>\n\n\n\n<figure class=\"wp-block-image size-large\"><img decoding=\"async\" width=\"1024\" height=\"768\" data-id=\"1855\" src=\"https:\/\/iadesl.org\/wp-content\/uploads\/2022\/12\/Foto-5-1024x768.jpeg\" alt=\"\" class=\"wp-image-1855\" srcset=\"https:\/\/iadesl.org\/wp-content\/uploads\/2022\/12\/Foto-5-1024x768.jpeg 1024w, https:\/\/iadesl.org\/wp-content\/uploads\/2022\/12\/Foto-5-600x450.jpeg 600w, https:\/\/iadesl.org\/wp-content\/uploads\/2022\/12\/Foto-5-300x225.jpeg 300w, https:\/\/iadesl.org\/wp-content\/uploads\/2022\/12\/Foto-5-768x576.jpeg 768w, https:\/\/iadesl.org\/wp-content\/uploads\/2022\/12\/Foto-5-1536x1152.jpeg 1536w, https:\/\/iadesl.org\/wp-content\/uploads\/2022\/12\/Foto-5-696x522.jpeg 696w, https:\/\/iadesl.org\/wp-content\/uploads\/2022\/12\/Foto-5-1068x801.jpeg 1068w, https:\/\/iadesl.org\/wp-content\/uploads\/2022\/12\/Foto-5.jpeg 1600w\" sizes=\"(max-width: 1024px) 100vw, 1024px\" \/><\/figure>\n<figcaption class=\"blocks-gallery-caption\">(Foto: Reprodu\u00e7\u00e3o)<\/figcaption><\/figure>\n\n\n\n<p>As \u201cAdoradoras da \u00daltima Hora\u201d se apresentaram no plen\u00e1rio da Casa Legislativa com gra\u00e7a e un\u00e7\u00e3o de Deus. O vocal Gera\u00e7\u00e3o Mais Cem, composto pelo Departamento Infantil da Igreja Assembleia de Deus em S\u00e3o Lu\u00eds (IADESL), tamb\u00e9m fez uma apresenta\u00e7\u00e3o. Diversos pastores da Conven\u00e7\u00e3o Estadual das Assembleias de Deus no Maranh\u00e3o (CEADEMA) participaram da solenidade.<\/p>\n\n\n\n<figure class=\"wp-block-gallery has-nested-images columns-default is-cropped wp-block-gallery-2 is-layout-flex wp-block-gallery-is-layout-flex\">\n<figure class=\"wp-block-image size-large\"><img decoding=\"async\" width=\"1024\" height=\"768\" data-id=\"1857\" src=\"https:\/\/iadesl.org\/wp-content\/uploads\/2022\/12\/Foto-2-1024x768.jpeg\" alt=\"\" class=\"wp-image-1857\" srcset=\"https:\/\/iadesl.org\/wp-content\/uploads\/2022\/12\/Foto-2-1024x768.jpeg 1024w, https:\/\/iadesl.org\/wp-content\/uploads\/2022\/12\/Foto-2-600x450.jpeg 600w, https:\/\/iadesl.org\/wp-content\/uploads\/2022\/12\/Foto-2-300x225.jpeg 300w, https:\/\/iadesl.org\/wp-content\/uploads\/2022\/12\/Foto-2-768x576.jpeg 768w, https:\/\/iadesl.org\/wp-content\/uploads\/2022\/12\/Foto-2-1536x1152.jpeg 1536w, https:\/\/iadesl.org\/wp-content\/uploads\/2022\/12\/Foto-2-696x522.jpeg 696w, https:\/\/iadesl.org\/wp-content\/uploads\/2022\/12\/Foto-2-1068x801.jpeg 1068w, https:\/\/iadesl.org\/wp-content\/uploads\/2022\/12\/Foto-2.jpeg 1600w\" sizes=\"(max-width: 1024px) 100vw, 1024px\" \/><\/figure>\n\n\n\n<figure class=\"wp-block-image size-large\"><img loading=\"lazy\" decoding=\"async\" width=\"1024\" height=\"682\" data-id=\"1859\" src=\"https:\/\/iadesl.org\/wp-content\/uploads\/2022\/12\/Foto-8-1024x682.jpeg\" alt=\"\" class=\"wp-image-1859\" srcset=\"https:\/\/iadesl.org\/wp-content\/uploads\/2022\/12\/Foto-8-1024x682.jpeg 1024w, https:\/\/iadesl.org\/wp-content\/uploads\/2022\/12\/Foto-8-600x400.jpeg 600w, https:\/\/iadesl.org\/wp-content\/uploads\/2022\/12\/Foto-8-300x200.jpeg 300w, https:\/\/iadesl.org\/wp-content\/uploads\/2022\/12\/Foto-8-768x512.jpeg 768w, https:\/\/iadesl.org\/wp-content\/uploads\/2022\/12\/Foto-8-1536x1023.jpeg 1536w, https:\/\/iadesl.org\/wp-content\/uploads\/2022\/12\/Foto-8-696x464.jpeg 696w, https:\/\/iadesl.org\/wp-content\/uploads\/2022\/12\/Foto-8-1068x712.jpeg 1068w, https:\/\/iadesl.org\/wp-content\/uploads\/2022\/12\/Foto-8.jpeg 1600w\" sizes=\"(max-width: 1024px) 100vw, 1024px\" \/><\/figure>\n\n\n\n<figure class=\"wp-block-image size-large\"><img loading=\"lazy\" decoding=\"async\" width=\"1024\" height=\"682\" data-id=\"1858\" src=\"https:\/\/iadesl.org\/wp-content\/uploads\/2022\/12\/Foto-9-1024x682.jpeg\" alt=\"\" class=\"wp-image-1858\" srcset=\"https:\/\/iadesl.org\/wp-content\/uploads\/2022\/12\/Foto-9-1024x682.jpeg 1024w, https:\/\/iadesl.org\/wp-content\/uploads\/2022\/12\/Foto-9-600x400.jpeg 600w, https:\/\/iadesl.org\/wp-content\/uploads\/2022\/12\/Foto-9-300x200.jpeg 300w, https:\/\/iadesl.org\/wp-content\/uploads\/2022\/12\/Foto-9-768x512.jpeg 768w, https:\/\/iadesl.org\/wp-content\/uploads\/2022\/12\/Foto-9-1536x1023.jpeg 1536w, https:\/\/iadesl.org\/wp-content\/uploads\/2022\/12\/Foto-9-696x464.jpeg 696w, https:\/\/iadesl.org\/wp-content\/uploads\/2022\/12\/Foto-9-1068x712.jpeg 1068w, https:\/\/iadesl.org\/wp-content\/uploads\/2022\/12\/Foto-9.jpeg 1600w\" sizes=\"(max-width: 1024px) 100vw, 1024px\" \/><\/figure>\n<figcaption class=\"blocks-gallery-caption\">(Foto: Reprodu\u00e7\u00e3o)<\/figcaption><\/figure>\n\n\n\n<p>A Deputada Mical Damasceno enfatizou a import\u00e2ncia da Igreja Assembleia de Deus no Maranh\u00e3o. \u201cEstamos vivendo um momento hist\u00f3rico. Afinal, n\u00e3o \u00e9 todo dia que uma institui\u00e7\u00e3o chega aos 100 anos de exist\u00eancia. Estamos aqui nessa sess\u00e3o solene para reconhecer a import\u00e2ncia e relev\u00e2ncia da igreja para al\u00e9m do ambiente de culto, ou seja, reconhec\u00ea-la como institui\u00e7\u00e3o que promove o bem-estar da sociedade maranhense. Parab\u00e9ns Assembleia de Deus. Parab\u00e9ns povo maranhense, e a Deus seja a Gl\u00f3ria\u201d, concluiu.<\/p>\n\n\n\n<figure class=\"wp-block-gallery has-nested-images columns-default is-cropped wp-block-gallery-3 is-layout-flex wp-block-gallery-is-layout-flex\">\n<figure class=\"wp-block-image size-large\"><img loading=\"lazy\" decoding=\"async\" width=\"768\" height=\"1024\" data-id=\"1862\" src=\"https:\/\/iadesl.org\/wp-content\/uploads\/2022\/12\/Foto-6-768x1024.jpeg\" alt=\"\" class=\"wp-image-1862\" srcset=\"https:\/\/iadesl.org\/wp-content\/uploads\/2022\/12\/Foto-6-768x1024.jpeg 768w, https:\/\/iadesl.org\/wp-content\/uploads\/2022\/12\/Foto-6-600x800.jpeg 600w, https:\/\/iadesl.org\/wp-content\/uploads\/2022\/12\/Foto-6-225x300.jpeg 225w, https:\/\/iadesl.org\/wp-content\/uploads\/2022\/12\/Foto-6-1152x1536.jpeg 1152w, https:\/\/iadesl.org\/wp-content\/uploads\/2022\/12\/Foto-6-696x928.jpeg 696w, https:\/\/iadesl.org\/wp-content\/uploads\/2022\/12\/Foto-6-1068x1424.jpeg 1068w, https:\/\/iadesl.org\/wp-content\/uploads\/2022\/12\/Foto-6.jpeg 1200w\" sizes=\"(max-width: 768px) 100vw, 768px\" \/><\/figure>\n<figcaption class=\"blocks-gallery-caption\">(Foto: Reprodu\u00e7\u00e3o)<\/figcaption><\/figure>\n\n\n\n<p>Pastor Pedro Aldi Damasceno, presidente de honra da CEADEMA e pai da Deputada Mical, falou sobre a miss\u00e3o da igreja em pregar o Evangelho de Cristo. \u201cEstou feliz pela comemora\u00e7\u00e3o. Quero parabenizar a todos os pastores e obreiros de modo geral por termos completado 100 anos. Uma igreja em p\u00e9, equilibrada, difundido o santo Evangelho do Senhor Jesus Cristo. Que Deus seja glorificado\u201d, destacou.<\/p>\n\n\n\n<p>Pastor Rayfran Batista, foi um dos homenageados e esteve representando o presidente da CEADEMA, pastor Francisco Soares Raposo Filho. \u201cLouvo a Deus pela iniciativa da Deputada Mical Damasceno em deixar registrado nos anais desta Casa Legislativa os feitos da hist\u00f3ria da Igreja Assembleia de Deus no Maranh\u00e3o, que chegou ao seu centen\u00e1rio com lutas, dificuldades, enfrentando at\u00e9 oposi\u00e7\u00f5es, tanto na capital quanto no interior do estado. O nosso desejo \u00e9 que ela continue crescendo em todos os cantos dessa sociedade, que ela ocupa todos os espa\u00e7os\u201d, frisou.<\/p>\n\n\n\n<figure class=\"wp-block-gallery has-nested-images columns-default is-cropped wp-block-gallery-4 is-layout-flex wp-block-gallery-is-layout-flex\">\n<figure class=\"wp-block-image size-large\"><img loading=\"lazy\" decoding=\"async\" width=\"1024\" height=\"768\" data-id=\"1861\" src=\"https:\/\/iadesl.org\/wp-content\/uploads\/2022\/12\/Foto-1-1024x768.jpeg\" alt=\"\" class=\"wp-image-1861\" srcset=\"https:\/\/iadesl.org\/wp-content\/uploads\/2022\/12\/Foto-1-1024x768.jpeg 1024w, https:\/\/iadesl.org\/wp-content\/uploads\/2022\/12\/Foto-1-600x450.jpeg 600w, https:\/\/iadesl.org\/wp-content\/uploads\/2022\/12\/Foto-1-300x225.jpeg 300w, https:\/\/iadesl.org\/wp-content\/uploads\/2022\/12\/Foto-1-768x576.jpeg 768w, https:\/\/iadesl.org\/wp-content\/uploads\/2022\/12\/Foto-1-1536x1152.jpeg 1536w, https:\/\/iadesl.org\/wp-content\/uploads\/2022\/12\/Foto-1-696x522.jpeg 696w, https:\/\/iadesl.org\/wp-content\/uploads\/2022\/12\/Foto-1-1068x801.jpeg 1068w, https:\/\/iadesl.org\/wp-content\/uploads\/2022\/12\/Foto-1.jpeg 1600w\" sizes=\"(max-width: 1024px) 100vw, 1024px\" \/><\/figure>\n\n\n\n<figure class=\"wp-block-image size-large\"><img loading=\"lazy\" decoding=\"async\" width=\"1024\" height=\"577\" data-id=\"1860\" src=\"https:\/\/iadesl.org\/wp-content\/uploads\/2022\/12\/Foto-7-1024x577.jpeg\" alt=\"\" class=\"wp-image-1860\" srcset=\"https:\/\/iadesl.org\/wp-content\/uploads\/2022\/12\/Foto-7-1024x577.jpeg 1024w, https:\/\/iadesl.org\/wp-content\/uploads\/2022\/12\/Foto-7-600x338.jpeg 600w, https:\/\/iadesl.org\/wp-content\/uploads\/2022\/12\/Foto-7-300x169.jpeg 300w, https:\/\/iadesl.org\/wp-content\/uploads\/2022\/12\/Foto-7-768x432.jpeg 768w, https:\/\/iadesl.org\/wp-content\/uploads\/2022\/12\/Foto-7-1536x865.jpeg 1536w, https:\/\/iadesl.org\/wp-content\/uploads\/2022\/12\/Foto-7-696x392.jpeg 696w, https:\/\/iadesl.org\/wp-content\/uploads\/2022\/12\/Foto-7-1068x601.jpeg 1068w, https:\/\/iadesl.org\/wp-content\/uploads\/2022\/12\/Foto-7.jpeg 1600w\" sizes=\"(max-width: 1024px) 100vw, 1024px\" \/><\/figure>\n<figcaption class=\"blocks-gallery-caption\">(Foto: Reprodu\u00e7\u00e3o)<\/figcaption><\/figure>\n\n\n\n<p>Pastor Daniel Matos esteve representando o presidente da IADESL, pastor Jos\u00e9 Coutinho Guimar\u00e3es. \u201c\u00c9 uma honra, privil\u00e9gio para mim representar o mui digno pastor Jos\u00e9 Guimar\u00e3es Coutinho, homem \u00edntegro, justo, honrado, servo de Deus, pai de fam\u00edlia, presidente da maior igreja do nosso estado, e l\u00edder em quem tamb\u00e9m nos inspiramos. Louvamos a Deus pela vida do pastor Coutinho, louvamos a Deus pela vida de cada membro e congregado da IADESL, membros e congregados nas Assembleias de Deus no Maranh\u00e3o, igreja que muito trabalha para o bem dessa sociedade\u201d, pontuou.<\/p>\n\n\n\n<figure class=\"wp-block-gallery has-nested-images columns-default is-cropped wp-block-gallery-5 is-layout-flex wp-block-gallery-is-layout-flex\">\n<figure class=\"wp-block-image size-large\"><img loading=\"lazy\" decoding=\"async\" width=\"768\" height=\"1024\" data-id=\"1863\" src=\"https:\/\/iadesl.org\/wp-content\/uploads\/2022\/12\/Foto-3-768x1024.jpeg\" alt=\"\" class=\"wp-image-1863\" srcset=\"https:\/\/iadesl.org\/wp-content\/uploads\/2022\/12\/Foto-3-768x1024.jpeg 768w, https:\/\/iadesl.org\/wp-content\/uploads\/2022\/12\/Foto-3-600x800.jpeg 600w, https:\/\/iadesl.org\/wp-content\/uploads\/2022\/12\/Foto-3-225x300.jpeg 225w, https:\/\/iadesl.org\/wp-content\/uploads\/2022\/12\/Foto-3-1152x1536.jpeg 1152w, https:\/\/iadesl.org\/wp-content\/uploads\/2022\/12\/Foto-3-696x928.jpeg 696w, https:\/\/iadesl.org\/wp-content\/uploads\/2022\/12\/Foto-3-1068x1424.jpeg 1068w, https:\/\/iadesl.org\/wp-content\/uploads\/2022\/12\/Foto-3.jpeg 1200w\" sizes=\"(max-width: 768px) 100vw, 768px\" \/><\/figure>\n<figcaption class=\"blocks-gallery-caption\">(Foto: Reprodu\u00e7\u00e3o)<\/figcaption><\/figure>\n\n\n\n<p><strong>PASTORES HOMENAGEADOS<\/strong><\/p>\n\n\n\n<p>Pedro Aldi Damasceno, Presidente de Honra da CEADEMA; Francisco Soares Raposo Filho, Presidente da CEADEMA; Jos\u00e9 Alves Cavalcante, Presidente da COMADESMA (Conven\u00e7\u00e3o Dos Ministros Das Igrejas Evang\u00e9licas Assembleias de Deus do Seta no Sul do Maranh\u00e3o e Outros Estados da Federa\u00e7\u00e3o); Rayfran Batista da Silva, 1\u00ba Vice-Presidente da CEADEMA; Osiel Gomes da Silva, 3\u00ba Vice-Presidente da CEADEMA; Raimundo Nonato Monteiro Branco, 4\u00ba Vice-Presidente da CEADEMA; Daniel Matos Chaves, 1\u00ba Secret\u00e1rio da CEADEMA; Jocimar Lima Silva, 3\u00ba Secret\u00e1rio da CEADEMA; Moacir Lu\u00eds dos Santos, 2\u00ba Tesoureiro da CEADEMA; Lu\u00eds Rios dos Santos, Coordenador do Conselho de \u00c9tica da CEADEMA; Raimundo Aristides Silva, Presidente da Assembleia de Deus em Pindar\u00e9 Mirim; Raimundo Francisco dos Santos, Presidente da Assembleia de Deus em Lago da Pedra; Euvaldo Pereira S\u00e1, Presidente da Assembleia de Deus em Timon; Francisco F\u00e1bio da Silva Leite, auxiliar da Assembleia de Deus em S\u00e3o Lu\u00eds; Pedro Cardoso Lindoso, Presidente da Assembleia de Deus em Coque-Vit\u00f3ria do Mearim; Osvanildo Farias Albuquerque, Presidente da Assembleia de Deus em Vit\u00f3ria do Mearim; Alexandre Jos\u00e9 Gon\u00e7alves, pastor jubilado; Ant\u00f4nio Rodrigues do Amarantes Chaves, pastor jubilado; Gerson Ferreira da Costa, pastor jubilado.<\/p>\n\n\n\n<p><\/p>\n\n\n\n<p>Edi\u00e7\u00e3o: Jana\u00edna Berredo<\/p>\n","protected":false},"excerpt":{"rendered":"<p>A Assembleia de Deus no Maranh\u00e3o foi homenageada pela Assembleia Legislativa pelos seus 100 anos no estado. A cerim\u00f4nia aconteceu nessa segunda-feira (19). A iniciativa foi da Deputada Estadual Mical Damasceno. Na ocasi\u00e3o, 19 pastores receberam a Medalha do M\u00e9rito Legislativo \u201cManuel Beckman\u201d, maior honraria concedida pelo Poder Legislativo Estadual. O Grupo de Percuss\u00e3o \u201cAdoradoras [&hellip;]<\/p>\n","protected":false},"author":4,"featured_media":1854,"comment_status":"open","ping_status":"open","sticky":false,"template":"","format":"standard","meta":{"footnotes":""},"categories":[23],"tags":[],"class_list":{"0":"post-1853","1":"post","2":"type-post","3":"status-publish","4":"format-standard","5":"has-post-thumbnail","7":"category-noticias"},"_links":{"self":[{"href":"https:\/\/iadesl.org\/index.php\/wp-json\/wp\/v2\/posts\/1853","targetHints":{"allow":["GET"]}}],"collection":[{"href":"https:\/\/iadesl.org\/index.php\/wp-json\/wp\/v2\/posts"}],"about":[{"href":"https:\/\/iadesl.org\/index.php\/wp-json\/wp\/v2\/types\/post"}],"author":[{"embeddable":true,"href":"https:\/\/iadesl.org\/index.php\/wp-json\/wp\/v2\/users\/4"}],"replies":[{"embeddable":true,"href":"https:\/\/iadesl.org\/index.php\/wp-json\/wp\/v2\/comments?post=1853"}],"version-history":[{"count":3,"href":"https:\/\/iadesl.org\/index.php\/wp-json\/wp\/v2\/posts\/1853\/revisions"}],"predecessor-version":[{"id":1867,"href":"https:\/\/iadesl.org\/index.php\/wp-json\/wp\/v2\/posts\/1853\/revisions\/1867"}],"wp:featuredmedia":[{"embeddable":true,"href":"https:\/\/iadesl.org\/index.php\/wp-json\/wp\/v2\/media\/1854"}],"wp:attachment":[{"href":"https:\/\/iadesl.org\/index.php\/wp-json\/wp\/v2\/media?parent=1853"}],"wp:term":[{"taxonomy":"category","embeddable":true,"href":"https:\/\/iadesl.org\/index.php\/wp-json\/wp\/v2\/categories?post=1853"},{"taxonomy":"post_tag","embeddable":true,"href":"https:\/\/iadesl.org\/index.php\/wp-json\/wp\/v2\/tags?post=1853"}],"curies":[{"name":"wp","href":"https:\/\/api.w.org\/{rel}","templated":true}]}}