{"id":1634,"date":"2022-11-17T20:44:16","date_gmt":"2022-11-17T23:44:16","guid":{"rendered":"https:\/\/iadesl.org\/?p=1634"},"modified":"2022-11-17T20:44:17","modified_gmt":"2022-11-17T23:44:17","slug":"em-comemoracao-ao-centenario-da-iadesl-historiador-andre-camara-lanca-livro-sobre-a-historia-da-assembleia-de-deus-no-maranhao","status":"publish","type":"post","link":"https:\/\/iadesl.org\/index.php\/2022\/11\/17\/em-comemoracao-ao-centenario-da-iadesl-historiador-andre-camara-lanca-livro-sobre-a-historia-da-assembleia-de-deus-no-maranhao\/","title":{"rendered":"Em comemora\u00e7\u00e3o ao Centen\u00e1rio da IADESL, historiador Andr\u00e9 C\u00e2mara lan\u00e7a livro sobre a hist\u00f3ria da Assembleia de Deus no Maranh\u00e3o"},"content":{"rendered":"\n<p><em>A obra ser\u00e1 lan\u00e7ada no dia 28 de novembro de 2022, as 18h30, no Templo Central da Assembleia de Deus em S\u00e3o Lu\u00eds, na Rua do Passeio, n\u00ba 981, Centro.<\/em><\/p>\n\n\n\n<p>&#8220;Sob o Impacto do Poder &#8211; 100 anos da Assembleia de Deus no Maranh\u00e3o&#8221;. Este \u00e9 o t\u00edtulo da obra que ser\u00e1 lan\u00e7ada no pr\u00f3ximo dia 28, no Templo Central da IADESL. O livro foi escrito pelo historiador Andr\u00e9 C\u00e2mara.<\/p>\n\n\n\n<p>Na obra, o autor narra a hist\u00f3ria de homens e mulheres de Deus que se dedicaram \u00e0 obra de Deus tanto na Capital como em todo o Estado do Maranh\u00e3o. O historiador Andr\u00e9 destacou que o seu livro \u00e9 fruto de pesquisa e de inspira\u00e7\u00e3o.<\/p>\n\n\n\n<p>&#8220;Este livro \u00e9 fruto de pesquisa e inspira\u00e7\u00e3o brotada da alma de um escritor historiador, que, por meio da escrita, tenta expressar e descrever a hist\u00f3ria de uma igreja que h\u00e1 100 anos vem transformando vidas em S\u00e3o Lu\u00eds e em todo Maranh\u00e3o. Nesta obra, encontraremos hist\u00f3rias de homens e mulheres de Deus que se dedicaram \u00e0 propaga\u00e7\u00e3o do Evangelho no Maranh\u00e3o.&#8221;<\/p>\n\n\n\n<p>A obra \u00e9 um tesouro repleto de relatos e perfis dos desbravadores da Assembleia de Deus no Maranh\u00e3o.<\/p>\n\n\n\n<p>&#8220;Convidamos voc\u00ea a mergulhar conosco na leitura deste livro e conhecer a hist\u00f3ria da igreja Assembleia de Deus em S\u00e3o Lu\u00eds&#8221;.<\/p>\n\n\n\n<p>Edi\u00e7\u00e3o: Jana\u00edna Berredo<\/p>\n","protected":false},"excerpt":{"rendered":"<p>A obra ser\u00e1 lan\u00e7ada no dia 28 de novembro de 2022, as 18h30, no Templo Central da Assembleia de Deus em S\u00e3o Lu\u00eds, na Rua do Passeio, n\u00ba 981, Centro. &#8220;Sob o Impacto do Poder &#8211; 100 anos da Assembleia de Deus no Maranh\u00e3o&#8221;. Este \u00e9 o t\u00edtulo da obra que ser\u00e1 lan\u00e7ada no pr\u00f3ximo [&hellip;]<\/p>\n","protected":false},"author":4,"featured_media":1635,"comment_status":"open","ping_status":"open","sticky":false,"template":"","format":"standard","meta":{"footnotes":""},"categories":[21,22,23],"tags":[],"class_list":{"0":"post-1634","1":"post","2":"type-post","3":"status-publish","4":"format-standard","5":"has-post-thumbnail","7":"category-agenda","8":"category-departamentos","9":"category-noticias"},"_links":{"self":[{"href":"https:\/\/iadesl.org\/index.php\/wp-json\/wp\/v2\/posts\/1634","targetHints":{"allow":["GET"]}}],"collection":[{"href":"https:\/\/iadesl.org\/index.php\/wp-json\/wp\/v2\/posts"}],"about":[{"href":"https:\/\/iadesl.org\/index.php\/wp-json\/wp\/v2\/types\/post"}],"author":[{"embeddable":true,"href":"https:\/\/iadesl.org\/index.php\/wp-json\/wp\/v2\/users\/4"}],"replies":[{"embeddable":true,"href":"https:\/\/iadesl.org\/index.php\/wp-json\/wp\/v2\/comments?post=1634"}],"version-history":[{"count":2,"href":"https:\/\/iadesl.org\/index.php\/wp-json\/wp\/v2\/posts\/1634\/revisions"}],"predecessor-version":[{"id":1637,"href":"https:\/\/iadesl.org\/index.php\/wp-json\/wp\/v2\/posts\/1634\/revisions\/1637"}],"wp:featuredmedia":[{"embeddable":true,"href":"https:\/\/iadesl.org\/index.php\/wp-json\/wp\/v2\/media\/1635"}],"wp:attachment":[{"href":"https:\/\/iadesl.org\/index.php\/wp-json\/wp\/v2\/media?parent=1634"}],"wp:term":[{"taxonomy":"category","embeddable":true,"href":"https:\/\/iadesl.org\/index.php\/wp-json\/wp\/v2\/categories?post=1634"},{"taxonomy":"post_tag","embeddable":true,"href":"https:\/\/iadesl.org\/index.php\/wp-json\/wp\/v2\/tags?post=1634"}],"curies":[{"name":"wp","href":"https:\/\/api.w.org\/{rel}","templated":true}]}}