{"id":1322,"date":"2022-10-04T10:34:53","date_gmt":"2022-10-04T13:34:53","guid":{"rendered":"https:\/\/iadesl.org\/?p=1322"},"modified":"2022-10-04T11:51:28","modified_gmt":"2022-10-04T14:51:28","slug":"assembleia-de-deus-em-sao-luis-apoia-a-campanha-de-prevencao-ao-cancer-de-mama-outubro-rosa","status":"publish","type":"post","link":"https:\/\/iadesl.org\/index.php\/2022\/10\/04\/assembleia-de-deus-em-sao-luis-apoia-a-campanha-de-prevencao-ao-cancer-de-mama-outubro-rosa\/","title":{"rendered":"Assembleia de Deus em S\u00e3o Lu\u00eds apoia campanha de preven\u00e7\u00e3o ao c\u00e2ncer de mama &#8211; Outubro Rosa"},"content":{"rendered":"\n<p>Outubro \u00e9 reconhecido, mundialmente, como o m\u00eas de preven\u00e7\u00e3o ao c\u00e2ncer de mama, o segundo mais incidente nas mulheres, perdendo apenas para os c\u00e2nceres de pele n\u00e3o melanoma.<\/p>\n\n\n\n<p>Segundo o Instituto Nacional de C\u00e2ncer (Inca), s\u00e3o estimados 66.280 novos casos da doen\u00e7a no Brasil, em 2022. No Maranh\u00e3o, a previs\u00e3o \u00e9 de 840 novos casos.<\/p>\n\n\n\n<p>Quando detectado no in\u00edcio, a chance de cura chega a 95%. Por isso, \u00e9 fundamental o acompanhamento m\u00e9dico peri\u00f3dico, e a realiza\u00e7\u00e3o do exame de mamografia anualmente para as mulheres acima dos 40 anos.<\/p>\n\n\n\n<p>A Assembleia de Deus em S\u00e3o Lu\u00eds (IADESL) apoia, por meio das \u00e1reas, da funda\u00e7\u00e3o pastor Jos\u00e9 Rom\u00e3o de Sousa e da R\u00e1dio Esperan\u00e7a FM, a\u00e7\u00f5es com o objetivo de alertar as mulheres sobre a import\u00e2ncia da preven\u00e7\u00e3o e do diagn\u00f3stico precoce do c\u00e2ncer de mama.<\/p>\n\n\n\n<p><strong>Hist\u00f3rico<\/strong><\/p>\n\n\n\n<p>A Campanha Outubro Rosa teve in\u00edcio, em 1990, com o evento intitulado &#8220;Corrida pela Cura&#8221;, realizado em Nova Iorque (EUA). No Brasil, o movimento come\u00e7ou em 2002, no estado de S\u00e3o Paulo. De l\u00e1 pra c\u00e1, as a\u00e7\u00f5es de conscientiza\u00e7\u00e3o contra o c\u00e2ncer de mama t\u00eam aumentado, contribuindo com o diagn\u00f3stico precoce da doen\u00e7a e aumentando as chances de cura.<\/p>\n\n\n\n<p>Texto: Jana\u00edna Berredo<\/p>\n","protected":false},"excerpt":{"rendered":"<p>Outubro \u00e9 reconhecido, mundialmente, como o m\u00eas de preven\u00e7\u00e3o ao c\u00e2ncer de mama, o segundo mais incidente nas mulheres, perdendo apenas para os c\u00e2nceres de pele n\u00e3o melanoma. Segundo o Instituto Nacional de C\u00e2ncer (Inca), s\u00e3o estimados 66.280 novos casos da doen\u00e7a no Brasil, em 2022. No Maranh\u00e3o, a previs\u00e3o \u00e9 de 840 novos casos. [&hellip;]<\/p>\n","protected":false},"author":4,"featured_media":1323,"comment_status":"open","ping_status":"open","sticky":false,"template":"","format":"standard","meta":{"footnotes":""},"categories":[23,33],"tags":[],"class_list":{"0":"post-1322","1":"post","2":"type-post","3":"status-publish","4":"format-standard","5":"has-post-thumbnail","7":"category-noticias","8":"category-ufadesl"},"_links":{"self":[{"href":"https:\/\/iadesl.org\/index.php\/wp-json\/wp\/v2\/posts\/1322","targetHints":{"allow":["GET"]}}],"collection":[{"href":"https:\/\/iadesl.org\/index.php\/wp-json\/wp\/v2\/posts"}],"about":[{"href":"https:\/\/iadesl.org\/index.php\/wp-json\/wp\/v2\/types\/post"}],"author":[{"embeddable":true,"href":"https:\/\/iadesl.org\/index.php\/wp-json\/wp\/v2\/users\/4"}],"replies":[{"embeddable":true,"href":"https:\/\/iadesl.org\/index.php\/wp-json\/wp\/v2\/comments?post=1322"}],"version-history":[{"count":4,"href":"https:\/\/iadesl.org\/index.php\/wp-json\/wp\/v2\/posts\/1322\/revisions"}],"predecessor-version":[{"id":1338,"href":"https:\/\/iadesl.org\/index.php\/wp-json\/wp\/v2\/posts\/1322\/revisions\/1338"}],"wp:featuredmedia":[{"embeddable":true,"href":"https:\/\/iadesl.org\/index.php\/wp-json\/wp\/v2\/media\/1323"}],"wp:attachment":[{"href":"https:\/\/iadesl.org\/index.php\/wp-json\/wp\/v2\/media?parent=1322"}],"wp:term":[{"taxonomy":"category","embeddable":true,"href":"https:\/\/iadesl.org\/index.php\/wp-json\/wp\/v2\/categories?post=1322"},{"taxonomy":"post_tag","embeddable":true,"href":"https:\/\/iadesl.org\/index.php\/wp-json\/wp\/v2\/tags?post=1322"}],"curies":[{"name":"wp","href":"https:\/\/api.w.org\/{rel}","templated":true}]}}