{"id":1257,"date":"2022-09-11T15:03:06","date_gmt":"2022-09-11T18:03:06","guid":{"rendered":"https:\/\/iadesl.org\/?p=1257"},"modified":"2022-09-12T19:40:13","modified_gmt":"2022-09-12T22:40:13","slug":"iadesl-de-sao-luis-para-o-mundo","status":"publish","type":"post","link":"https:\/\/iadesl.org\/index.php\/2022\/09\/11\/iadesl-de-sao-luis-para-o-mundo\/","title":{"rendered":"Iadesl: de S\u0101o Lu\u00eds para o mundo"},"content":{"rendered":"\n<p>No segundo s\u00e1bado de setembro, \u00e9 comemorado o Dia Internacional da Igreja Assembleia de Deus em S\u00e3o Lu\u00eds (Iadesl). O projeto, idealizado pelo seu presidente, pastor Jos\u00e9 Guimaraes Coutinho, tem o objetivo de destacar a relev\u00e2ncia da obra mission\u00e1ria.<\/p>\n\n\n\n<p>Em 21 de janeiro de 1997, aconteceu a primeira viagem internacional da Iadesl. O destino foi o Equador. Na ocasi\u00e3o, a igreja enviou tr\u00eas jovens ao campo mission\u00e1rio: Rosal\u00e9ia de Jesus Amaral Monteiro, Edna Carvalho da Concei\u00e7\u00e3o e Helena Maria dos Santos Maciel.<\/p>\n\n\n\n<p>Em 1999, a Assembleia de Deus em S\u00e3o Lu\u00eds deu mais um importante passo em dire\u00e7\u00e3o \u00e0s miss\u00f5es transculturais, firmou um conv\u00eanio com a igreja do Leste Europeu (Ucr\u00e2nia), onde adotou 12 mission\u00e1rios por um per\u00edodo de um ano.<\/p>\n\n\n\n<p>Ainda em 1999, a Iadesl adotou mais seis mission\u00e1rios em Mo\u00e7ambique, no continente Africano.<\/p>\n\n\n\n<p>A Iadesl, igreja centen\u00e1ria, tem expandido de forma grandiosa e apregoado as Boas Novas de salva\u00e7\u00e3o em S\u0101o Lu\u00eds e em todo o mundo.<\/p>\n\n\n\n<p>Atualmente, a Assembleia de Deus tem mission\u00e1rios nos cinco continentes: Am\u00e9rica, Europa, \u00c1frica, \u00c1sia e Oceania.<\/p>\n\n\n\n<p>De acordo com o \u00faltimo relat\u00f3rio da Secretaria Geral, apresentado no dia 2 de novembro de 2021, a Iadesl tem 86 mil membros, 130 \u00e1reas de trabalhos pastorais, 123 pastores, 439 congrega\u00e7\u00f5es, 22 mission\u00e1rios urbanos, 56 mission\u00e1rios transculturais e 491 di\u00e1conos.<\/p>\n\n\n\n<p>Edi\u00e7\u00e3o: Jana\u00edna Berredo<\/p>\n","protected":false},"excerpt":{"rendered":"<p>No segundo s\u00e1bado de setembro, \u00e9 comemorado o Dia Internacional da Igreja Assembleia de Deus em S\u00e3o Lu\u00eds (Iadesl). O projeto, idealizado pelo seu presidente, pastor Jos\u00e9 Guimaraes Coutinho, tem o objetivo de destacar a relev\u00e2ncia da obra mission\u00e1ria. Em 21 de janeiro de 1997, aconteceu a primeira viagem internacional da Iadesl. O destino foi [&hellip;]<\/p>\n","protected":false},"author":4,"featured_media":1261,"comment_status":"open","ping_status":"open","sticky":false,"template":"","format":"standard","meta":{"footnotes":""},"categories":[23],"tags":[],"class_list":{"0":"post-1257","1":"post","2":"type-post","3":"status-publish","4":"format-standard","5":"has-post-thumbnail","7":"category-noticias"},"_links":{"self":[{"href":"https:\/\/iadesl.org\/index.php\/wp-json\/wp\/v2\/posts\/1257","targetHints":{"allow":["GET"]}}],"collection":[{"href":"https:\/\/iadesl.org\/index.php\/wp-json\/wp\/v2\/posts"}],"about":[{"href":"https:\/\/iadesl.org\/index.php\/wp-json\/wp\/v2\/types\/post"}],"author":[{"embeddable":true,"href":"https:\/\/iadesl.org\/index.php\/wp-json\/wp\/v2\/users\/4"}],"replies":[{"embeddable":true,"href":"https:\/\/iadesl.org\/index.php\/wp-json\/wp\/v2\/comments?post=1257"}],"version-history":[{"count":1,"href":"https:\/\/iadesl.org\/index.php\/wp-json\/wp\/v2\/posts\/1257\/revisions"}],"predecessor-version":[{"id":1260,"href":"https:\/\/iadesl.org\/index.php\/wp-json\/wp\/v2\/posts\/1257\/revisions\/1260"}],"wp:featuredmedia":[{"embeddable":true,"href":"https:\/\/iadesl.org\/index.php\/wp-json\/wp\/v2\/media\/1261"}],"wp:attachment":[{"href":"https:\/\/iadesl.org\/index.php\/wp-json\/wp\/v2\/media?parent=1257"}],"wp:term":[{"taxonomy":"category","embeddable":true,"href":"https:\/\/iadesl.org\/index.php\/wp-json\/wp\/v2\/categories?post=1257"},{"taxonomy":"post_tag","embeddable":true,"href":"https:\/\/iadesl.org\/index.php\/wp-json\/wp\/v2\/tags?post=1257"}],"curies":[{"name":"wp","href":"https:\/\/api.w.org\/{rel}","templated":true}]}}